{"id":10162,"date":"2025-03-27T23:01:26","date_gmt":"2025-03-27T23:01:26","guid":{"rendered":"https:\/\/gostartup.com.co\/?p=10162"},"modified":"2025-11-10T15:22:01","modified_gmt":"2025-11-10T15:22:01","slug":"reforma-laboral-en-colombia-2025-aspectos-clave-y-consulta-popular","status":"publish","type":"post","link":"https:\/\/gostartup.com.co\/en\/reforma-laboral-en-colombia-2025-aspectos-clave-y-consulta-popular\/","title":{"rendered":"Reforma Laboral en Colombia 2025: Aspectos Clave y Consulta Popular"},"content":{"rendered":"<figure class=\"wp-block-image size-large\"><img loading=\"lazy\" decoding=\"async\" width=\"1024\" height=\"576\" src=\"https:\/\/gostartup.com.co\/wp-content\/uploads\/2025\/03\/reforma-laboral-2025-colombia-explicacion-consulta-popular-2-1024x576.png\" alt=\"REFORMA LABORAL EN COLOMBIA Y CONSULTA\" class=\"wp-image-10163\" srcset=\"https:\/\/gostartup.com.co\/wp-content\/uploads\/2025\/03\/reforma-laboral-2025-colombia-explicacion-consulta-popular-2-1024x576.png 1024w, https:\/\/gostartup.com.co\/wp-content\/uploads\/2025\/03\/reforma-laboral-2025-colombia-explicacion-consulta-popular-2-300x169.png 300w, https:\/\/gostartup.com.co\/wp-content\/uploads\/2025\/03\/reforma-laboral-2025-colombia-explicacion-consulta-popular-2-768x432.png 768w, https:\/\/gostartup.com.co\/wp-content\/uploads\/2025\/03\/reforma-laboral-2025-colombia-explicacion-consulta-popular-2-800x450.png 800w, https:\/\/gostartup.com.co\/wp-content\/uploads\/2025\/03\/reforma-laboral-2025-colombia-explicacion-consulta-popular-2.png 1280w\" sizes=\"auto, (max-width: 1024px) 100vw, 1024px\" \/><\/figure>\n\n\n\n<p>La <strong>reforma laboral en Colombia 2025<\/strong> ha generado un amplio debate nacional debido a sus propuestas para transformar el panorama laboral del pa\u00eds. A continuaci\u00f3n, se detallan los aspectos m\u00e1s relevantes de esta iniciativa y el contexto que ha llevado a la consideraci\u00f3n de una <strong>consulta popular<\/strong> para su implementaci\u00f3n.\u200b<\/p>\n\n\n\n<h2 class=\"wp-block-heading\">Contexto de la Reforma Laboral 2025<\/h2>\n\n\n\n<p>En marzo de 2023, el Gobierno colombiano present\u00f3 una propuesta de reforma laboral con el objetivo de actualizar las leyes existentes y mejorar las condiciones de empleo en el pa\u00eds. Sin embargo, en marzo de 2025, la Comisi\u00f3n S\u00e9ptima del Senado decidi\u00f3 archivar la propuesta, lo que significa que no continuar\u00e1 su tr\u00e1mite ni ser\u00e1 debatida en el Congreso. Esta decisi\u00f3n ha abierto la posibilidad de realizar una <strong>consulta popular<\/strong>, permitiendo que los ciudadanos voten directamente para decidir si apoyar o rechazar la reforma.\u200b<\/p>\n\n\n\n<h2 class=\"wp-block-heading\">Principales Cambios Propuestos en la Reforma Laboral<\/h2>\n\n\n\n<h3 class=\"wp-block-heading\">Modificaciones en los Contratos Laborales<\/h3>\n\n\n\n<ul class=\"wp-block-list\">\n<li><strong>Prioridad del Contrato a T\u00e9rmino Indefinido<\/strong>: Se busca priorizar el uso de contratos a t\u00e9rmino indefinido y reducir gradualmente la utilizaci\u00f3n de contratos por prestaci\u00f3n de servicios, los cuales no generan v\u00ednculos laborales ni prestaciones sociales.\u200b<\/li>\n\n\n\n<li><strong>Limitaci\u00f3n de Contratos por Obra o Labor<\/strong>: Se propone restringir el uso de contratos vinculados exclusivamente a la duraci\u00f3n de una tarea espec\u00edfica, fomentando empleos m\u00e1s estables y formales.\u200b<\/li>\n<\/ul>\n\n\n\n<figure class=\"wp-block-embed is-type-video is-provider-youtube wp-block-embed-youtube wp-embed-aspect-16-9 wp-has-aspect-ratio\"><div class=\"wp-block-embed__wrapper\">\n<iframe loading=\"lazy\" title=\"Reforma Laboral 2025 en Colombia EXPLICACI\u00d3N \ud83d\udce2  (y la Consulta Popular)\" width=\"500\" height=\"281\" src=\"https:\/\/www.youtube.com\/embed\/UAuMqBJgdjs?feature=oembed\" frameborder=\"0\" allow=\"accelerometer; autoplay; clipboard-write; encrypted-media; gyroscope; picture-in-picture; web-share\" referrerpolicy=\"strict-origin-when-cross-origin\" allowfullscreen><\/iframe>\n<\/div><\/figure>\n\n\n\n<h3 class=\"wp-block-heading\">Reducci\u00f3n de la Jornada Laboral<\/h3>\n\n\n\n<ul class=\"wp-block-list\">\n<li>Disminuci\u00f3n progresiva de la jornada laboral semanal de 48 a 42 horas, con el objetivo de mejorar el equilibrio entre la vida laboral y personal de los trabajadores.\u200b<\/li>\n<\/ul>\n\n\n\n<h3 class=\"wp-block-heading\">Modificaciones en la Jornada Nocturna y Recargos<\/h3>\n\n\n\n<ul class=\"wp-block-list\">\n<li><strong>Horario Nocturno<\/strong>: Se plantea que la jornada nocturna inicie a las 7:00 p.m. en lugar de las 9:00 p.m., con un recargo del 35% sobre el salario ordinario por cada hora trabajada en este horario.\u200b<\/li>\n\n\n\n<li><strong>Recargo en Dominicales y Festivos<\/strong>: Incremento progresivo del recargo del 75% al 100% hasta 2027, lo que implicar\u00eda el pago del doble del salario ordinario por trabajar en estos d\u00edas.\u200b<\/li>\n<\/ul>\n\n\n\n<figure class=\"wp-block-embed is-type-video is-provider-youtube wp-block-embed-youtube wp-embed-aspect-16-9 wp-has-aspect-ratio\"><div class=\"wp-block-embed__wrapper\">\n<iframe loading=\"lazy\" title=\"CONTRATO LABORAL VS PRESTACI\u00d3N DE SERVICIOS POR DAYHANA CORREA\" width=\"500\" height=\"281\" src=\"https:\/\/www.youtube.com\/embed\/MRK6r-O-n_o?start=183&#038;feature=oembed\" frameborder=\"0\" allow=\"accelerometer; autoplay; clipboard-write; encrypted-media; gyroscope; picture-in-picture; web-share\" referrerpolicy=\"strict-origin-when-cross-origin\" allowfullscreen><\/iframe>\n<\/div><\/figure>\n\n\n\n<h3 class=\"wp-block-heading\">Formalizaci\u00f3n Laboral en Plataformas Digitales<\/h3>\n\n\n\n<p>Se busca que las plataformas digitales, como Rappi y Uber Eats, formalicen a sus trabajadores mediante contratos estables y seguridad social obligatoria, garantizando derechos como afiliaci\u00f3n a salud, pensi\u00f3n y riesgos laborales.\u200b<\/p>\n\n\n\n<figure class=\"wp-block-embed is-type-video is-provider-youtube wp-block-embed-youtube wp-embed-aspect-16-9 wp-has-aspect-ratio\"><div class=\"wp-block-embed__wrapper\">\n<iframe loading=\"lazy\" title=\"REFORMA LABORAL | Caso de Rappi #casestudy\" width=\"500\" height=\"281\" src=\"https:\/\/www.youtube.com\/embed\/QZsEdeSNcVk?feature=oembed\" frameborder=\"0\" allow=\"accelerometer; autoplay; clipboard-write; encrypted-media; gyroscope; picture-in-picture; web-share\" referrerpolicy=\"strict-origin-when-cross-origin\" allowfullscreen><\/iframe>\n<\/div><\/figure>\n\n\n\n<h3 class=\"wp-block-heading\">Licencias y Aprendizajes<\/h3>\n\n\n\n<ul class=\"wp-block-list\">\n<li><strong>Licencias Remuneradas<\/strong>: Introducci\u00f3n de licencias remuneradas por calamidad dom\u00e9stica y razones m\u00e9dicas.\u200b<\/li>\n\n\n\n<li><strong>Licencia de Paternidad<\/strong>: Extensi\u00f3n progresiva de la licencia de paternidad hasta alcanzar cuatro semanas en 2026.\u200b<\/li>\n\n\n\n<li><strong>Contratos de Aprendizaje<\/strong>: Transformaci\u00f3n de los contratos de aprendizaje en contratos laborales con beneficios plenos para los aprendices del SENA.\u200b<\/li>\n<\/ul>\n\n\n\n<h2 class=\"wp-block-heading\">Estado Actual y Consulta Popular<\/h2>\n\n\n\n<p>Tras el archivo de la reforma por parte del Senado, se ha propuesto una <strong>consulta popular<\/strong> como mecanismo democr\u00e1tico para que los ciudadanos decidan directamente sobre la implementaci\u00f3n de la reforma laboral. Aunque la fecha exacta de la consulta a\u00fan no se ha definido, se espera que sea anunciada pr\u00f3ximamente.\u200b<\/p>\n\n\n\n<p>La <strong>consulta popular<\/strong> es un mecanismo de participaci\u00f3n ciudadana mediante el cual la poblaci\u00f3n vota para decidir sobre asuntos de importancia nacional. Si la mayor\u00eda vota a favor de la reforma, esta podr\u00eda continuar su tr\u00e1mite e implementarse; en caso contrario, ser\u00eda descartada definitivamente.\u200b<\/p>\n\n\n\n<h2 class=\"wp-block-heading\">Importancia de la Participaci\u00f3n Ciudadana<\/h2>\n\n\n\n<p>Es fundamental que los ciudadanos se mantengan informados y participen activamente en este proceso, ya que las decisiones tomadas influir\u00e1n en el futuro laboral de Colombia. La participaci\u00f3n en la consulta popular permitir\u00e1 que la voz de la ciudadan\u00eda sea escuchada y que se tomen decisiones acordes con las necesidades y expectativas de la poblaci\u00f3n trabajadora.<\/p>\n\n\n\n<div class=\"wp-block-group alignfull has-text-color has-background\" style=\"color:#000000;background-color:#ffffff\"><div class=\"wp-block-group__inner-container is-layout-flow wp-block-group-is-layout-flow\">\n<h2 class=\"wp-block-heading has-text-align-center\" id=\"schedule-a-visit\" style=\"font-size:59px;line-height:1.15\"><strong>Gostartup firma legal de emprendedores digitales<\/strong><\/h2>\n\n\n\n<div class=\"wp-block-buttons is-horizontal is-content-justification-center is-layout-flex wp-container-core-buttons-is-layout-499968f5 wp-block-buttons-is-layout-flex\">\n<div class=\"wp-block-button has-custom-width wp-block-button__width-50\"><a class=\"wp-block-button__link has-text-color has-background wp-element-button\" href=\"https:\/\/calendly.com\/dayhana-correa-sanchez\/agenda-tu-asesoria?back=1&amp;month=2023-06\" style=\"border-radius:50px;color:#ffffff;background-color:#000000\">\u00a1Diagn\u00f3stico gratuito!<\/a><\/div>\n<\/div>\n\n\n\n<div style=\"height:64px\" aria-hidden=\"true\" class=\"wp-block-spacer\"><\/div>\n<\/div><\/div>\n\n\n\n<p>Este art\u00edculo es orientativo y puede ayudarte con tu proceso de formalizaci\u00f3n, pero no reemplaza ninguna asesor\u00eda legal, contable o tributaria. Solicita un diagn\u00f3stico de 15 min gratuito aqu\u00ed: <a href=\"https:\/\/gostartup.com.co\/en\/\">GoStartup<\/a><\/p>","protected":false},"excerpt":{"rendered":"<p>La reforma laboral en Colombia 2025 ha generado un amplio debate nacional debido a sus propuestas para transformar el panorama laboral del pa\u00eds. A continuaci\u00f3n, se detallan los aspectos m\u00e1s relevantes de esta iniciativa y el contexto que ha llevado a la consideraci\u00f3n de una consulta popular para su implementaci\u00f3n.\u200b Contexto de la Reforma Laboral [&hellip;]<\/p>\n","protected":false},"author":1,"featured_media":10163,"comment_status":"open","ping_status":"open","sticky":false,"template":"","format":"standard","meta":{"footnotes":""},"categories":[1],"tags":[86,83],"class_list":["post-10162","post","type-post","status-publish","format-standard","has-post-thumbnail","hentry","category-sin-categoria","tag-impuestos","tag-noticias-gostartup"],"yoast_head":"<!-- This site is optimized with the Yoast SEO plugin v27.5 - https:\/\/yoast.com\/product\/yoast-seo-wordpress\/ -->\n<title>Reforma Laboral en Colombia 2025: Aspectos Clave y Consulta Popular - GoStartup<\/title>\n<meta name=\"description\" content=\"Conoce los aspectos clave de la Reforma Laboral en Colombia para 2025, sus principales cambios y c\u00f3mo la consulta popular podr\u00eda decidir su futuro. Informaci\u00f3n esencial para emprendedores y profesionales.\" \/>\n<meta name=\"robots\" content=\"index, follow, max-snippet:-1, max-image-preview:large, max-video-preview:-1\" \/>\n<link rel=\"canonical\" href=\"https:\/\/gostartup.com.co\/en\/reforma-laboral-en-colombia-2025-aspectos-clave-y-consulta-popular\/\" \/>\n<meta property=\"og:locale\" content=\"en_US\" \/>\n<meta property=\"og:type\" content=\"article\" \/>\n<meta property=\"og:title\" content=\"Reforma Laboral 2025 en Colombia: esto cambia y qu\u00e9 papel juega la consulta popular\" \/>\n<meta property=\"og:description\" content=\"\u00bfEmprendedor en Colombia? Descubre qu\u00e9 plantea la Reforma Laboral 2025, sus impactos clave y por qu\u00e9 la consulta popular ser\u00e1 decisiva para su aprobaci\u00f3n.\" \/>\n<meta property=\"og:url\" content=\"https:\/\/gostartup.com.co\/en\/reforma-laboral-en-colombia-2025-aspectos-clave-y-consulta-popular\/\" \/>\n<meta property=\"og:site_name\" content=\"GoStartup\" \/>\n<meta property=\"article:published_time\" content=\"2025-03-27T23:01:26+00:00\" \/>\n<meta property=\"article:modified_time\" content=\"2025-11-10T15:22:01+00:00\" \/>\n<meta property=\"og:image\" content=\"https:\/\/gostartup.com.co\/wp-content\/uploads\/2025\/03\/reforma-laboral-2025-colombia-explicacion-consulta-popular-2.png\" \/>\n\t<meta property=\"og:image:width\" content=\"1280\" \/>\n\t<meta property=\"og:image:height\" content=\"720\" \/>\n\t<meta property=\"og:image:type\" content=\"image\/png\" \/>\n<meta name=\"author\" content=\"dayhanacorrea\" \/>\n<meta name=\"twitter:card\" content=\"summary_large_image\" \/>\n<meta name=\"twitter:label1\" content=\"Written by\" \/>\n\t<meta name=\"twitter:data1\" content=\"dayhanacorrea\" \/>\n\t<meta name=\"twitter:label2\" content=\"Est. reading time\" \/>\n\t<meta name=\"twitter:data2\" content=\"4 minutes\" \/>\n<script type=\"application\/ld+json\" class=\"yoast-schema-graph\">{\"@context\":\"https:\\\/\\\/schema.org\",\"@graph\":[{\"@type\":\"ScholarlyArticle\",\"@id\":\"https:\\\/\\\/gostartup.com.co\\\/reforma-laboral-en-colombia-2025-aspectos-clave-y-consulta-popular\\\/#article\",\"isPartOf\":{\"@id\":\"https:\\\/\\\/gostartup.com.co\\\/reforma-laboral-en-colombia-2025-aspectos-clave-y-consulta-popular\\\/\"},\"author\":{\"name\":\"dayhanacorrea\",\"@id\":\"https:\\\/\\\/gostartup.com.co\\\/#\\\/schema\\\/person\\\/9365c82b50fb7a6d5445dcfb883ccfdf\"},\"headline\":\"Reforma Laboral en Colombia 2025: Aspectos Clave y Consulta Popular\",\"datePublished\":\"2025-03-27T23:01:26+00:00\",\"dateModified\":\"2025-11-10T15:22:01+00:00\",\"mainEntityOfPage\":{\"@id\":\"https:\\\/\\\/gostartup.com.co\\\/reforma-laboral-en-colombia-2025-aspectos-clave-y-consulta-popular\\\/\"},\"wordCount\":681,\"commentCount\":0,\"image\":{\"@id\":\"https:\\\/\\\/gostartup.com.co\\\/reforma-laboral-en-colombia-2025-aspectos-clave-y-consulta-popular\\\/#primaryimage\"},\"thumbnailUrl\":\"https:\\\/\\\/gostartup.com.co\\\/wp-content\\\/uploads\\\/2025\\\/03\\\/reforma-laboral-2025-colombia-explicacion-consulta-popular-2.png\",\"keywords\":[\"impuestos\",\"Noticias Gostartup\"],\"articleSection\":[\"Creaci\u00f3n de empresa\"],\"inLanguage\":\"en-US\",\"potentialAction\":[{\"@type\":\"CommentAction\",\"name\":\"Comment\",\"target\":[\"https:\\\/\\\/gostartup.com.co\\\/reforma-laboral-en-colombia-2025-aspectos-clave-y-consulta-popular\\\/#respond\"]}]},{\"@type\":[\"WebPage\",\"ItemPage\"],\"@id\":\"https:\\\/\\\/gostartup.com.co\\\/reforma-laboral-en-colombia-2025-aspectos-clave-y-consulta-popular\\\/\",\"url\":\"https:\\\/\\\/gostartup.com.co\\\/reforma-laboral-en-colombia-2025-aspectos-clave-y-consulta-popular\\\/\",\"name\":\"Reforma Laboral en Colombia 2025: Aspectos Clave y Consulta Popular - GoStartup\",\"isPartOf\":{\"@id\":\"https:\\\/\\\/gostartup.com.co\\\/#website\"},\"primaryImageOfPage\":{\"@id\":\"https:\\\/\\\/gostartup.com.co\\\/reforma-laboral-en-colombia-2025-aspectos-clave-y-consulta-popular\\\/#primaryimage\"},\"image\":{\"@id\":\"https:\\\/\\\/gostartup.com.co\\\/reforma-laboral-en-colombia-2025-aspectos-clave-y-consulta-popular\\\/#primaryimage\"},\"thumbnailUrl\":\"https:\\\/\\\/gostartup.com.co\\\/wp-content\\\/uploads\\\/2025\\\/03\\\/reforma-laboral-2025-colombia-explicacion-consulta-popular-2.png\",\"datePublished\":\"2025-03-27T23:01:26+00:00\",\"dateModified\":\"2025-11-10T15:22:01+00:00\",\"author\":{\"@id\":\"https:\\\/\\\/gostartup.com.co\\\/#\\\/schema\\\/person\\\/9365c82b50fb7a6d5445dcfb883ccfdf\"},\"description\":\"Conoce los aspectos clave de la Reforma Laboral en Colombia para 2025, sus principales cambios y c\u00f3mo la consulta popular podr\u00eda decidir su futuro. Informaci\u00f3n esencial para emprendedores y profesionales.\",\"breadcrumb\":{\"@id\":\"https:\\\/\\\/gostartup.com.co\\\/reforma-laboral-en-colombia-2025-aspectos-clave-y-consulta-popular\\\/#breadcrumb\"},\"inLanguage\":\"en-US\",\"potentialAction\":[{\"@type\":\"ReadAction\",\"target\":[\"https:\\\/\\\/gostartup.com.co\\\/reforma-laboral-en-colombia-2025-aspectos-clave-y-consulta-popular\\\/\"]}]},{\"@type\":\"ImageObject\",\"inLanguage\":\"en-US\",\"@id\":\"https:\\\/\\\/gostartup.com.co\\\/reforma-laboral-en-colombia-2025-aspectos-clave-y-consulta-popular\\\/#primaryimage\",\"url\":\"https:\\\/\\\/gostartup.com.co\\\/wp-content\\\/uploads\\\/2025\\\/03\\\/reforma-laboral-2025-colombia-explicacion-consulta-popular-2.png\",\"contentUrl\":\"https:\\\/\\\/gostartup.com.co\\\/wp-content\\\/uploads\\\/2025\\\/03\\\/reforma-laboral-2025-colombia-explicacion-consulta-popular-2.png\",\"width\":1280,\"height\":720,\"caption\":\"REFORMA LABORAL EN COLOMBIA Y CONSULTA\"},{\"@type\":\"BreadcrumbList\",\"@id\":\"https:\\\/\\\/gostartup.com.co\\\/reforma-laboral-en-colombia-2025-aspectos-clave-y-consulta-popular\\\/#breadcrumb\",\"itemListElement\":[{\"@type\":\"ListItem\",\"position\":1,\"name\":\"Portada\",\"item\":\"https:\\\/\\\/gostartup.com.co\\\/\"},{\"@type\":\"ListItem\",\"position\":2,\"name\":\"Reforma Laboral en Colombia 2025: Aspectos Clave y Consulta Popular\"}]},{\"@type\":\"WebSite\",\"@id\":\"https:\\\/\\\/gostartup.com.co\\\/#website\",\"url\":\"https:\\\/\\\/gostartup.com.co\\\/\",\"name\":\"GoStartup\",\"description\":\"Firma contable especializada en Emprendedores digitales\",\"alternateName\":\"Contadores, firma contable especializada en empredores digitales, creadores, infoproductores, YouTuber, Influenciadores\",\"potentialAction\":[{\"@type\":\"SearchAction\",\"target\":{\"@type\":\"EntryPoint\",\"urlTemplate\":\"https:\\\/\\\/gostartup.com.co\\\/?s={search_term_string}\"},\"query-input\":{\"@type\":\"PropertyValueSpecification\",\"valueRequired\":true,\"valueName\":\"search_term_string\"}}],\"inLanguage\":\"en-US\"},{\"@type\":\"Person\",\"@id\":\"https:\\\/\\\/gostartup.com.co\\\/#\\\/schema\\\/person\\\/9365c82b50fb7a6d5445dcfb883ccfdf\",\"name\":\"dayhanacorrea\",\"image\":{\"@type\":\"ImageObject\",\"inLanguage\":\"en-US\",\"@id\":\"https:\\\/\\\/gostartup.com.co\\\/wp-content\\\/litespeed\\\/avatar\\\/653e4e6729c3f52b92484c813da27e2f.jpg?ver=1777380634\",\"url\":\"https:\\\/\\\/gostartup.com.co\\\/wp-content\\\/litespeed\\\/avatar\\\/653e4e6729c3f52b92484c813da27e2f.jpg?ver=1777380634\",\"contentUrl\":\"https:\\\/\\\/gostartup.com.co\\\/wp-content\\\/litespeed\\\/avatar\\\/653e4e6729c3f52b92484c813da27e2f.jpg?ver=1777380634\",\"caption\":\"dayhanacorrea\"},\"sameAs\":[\"https:\\\/\\\/gostartup.com.co\"],\"url\":\"https:\\\/\\\/gostartup.com.co\\\/en\\\/author\\\/dayhanacorrea\\\/\"}]}<\/script>\n<!-- \/ Yoast SEO plugin. -->","yoast_head_json":{"title":"Reforma Laboral en Colombia 2025: Aspectos Clave y Consulta Popular - GoStartup","description":"Conoce los aspectos clave de la Reforma Laboral en Colombia para 2025, sus principales cambios y c\u00f3mo la consulta popular podr\u00eda decidir su futuro. Informaci\u00f3n esencial para emprendedores y profesionales.","robots":{"index":"index","follow":"follow","max-snippet":"max-snippet:-1","max-image-preview":"max-image-preview:large","max-video-preview":"max-video-preview:-1"},"canonical":"https:\/\/gostartup.com.co\/en\/reforma-laboral-en-colombia-2025-aspectos-clave-y-consulta-popular\/","og_locale":"en_US","og_type":"article","og_title":"Reforma Laboral 2025 en Colombia: esto cambia y qu\u00e9 papel juega la consulta popular","og_description":"\u00bfEmprendedor en Colombia? Descubre qu\u00e9 plantea la Reforma Laboral 2025, sus impactos clave y por qu\u00e9 la consulta popular ser\u00e1 decisiva para su aprobaci\u00f3n.","og_url":"https:\/\/gostartup.com.co\/en\/reforma-laboral-en-colombia-2025-aspectos-clave-y-consulta-popular\/","og_site_name":"GoStartup","article_published_time":"2025-03-27T23:01:26+00:00","article_modified_time":"2025-11-10T15:22:01+00:00","og_image":[{"width":1280,"height":720,"url":"https:\/\/gostartup.com.co\/wp-content\/uploads\/2025\/03\/reforma-laboral-2025-colombia-explicacion-consulta-popular-2.png","type":"image\/png"}],"author":"dayhanacorrea","twitter_card":"summary_large_image","twitter_misc":{"Written by":"dayhanacorrea","Est. reading time":"4 minutes"},"schema":{"@context":"https:\/\/schema.org","@graph":[{"@type":"ScholarlyArticle","@id":"https:\/\/gostartup.com.co\/reforma-laboral-en-colombia-2025-aspectos-clave-y-consulta-popular\/#article","isPartOf":{"@id":"https:\/\/gostartup.com.co\/reforma-laboral-en-colombia-2025-aspectos-clave-y-consulta-popular\/"},"author":{"name":"dayhanacorrea","@id":"https:\/\/gostartup.com.co\/#\/schema\/person\/9365c82b50fb7a6d5445dcfb883ccfdf"},"headline":"Reforma Laboral en Colombia 2025: Aspectos Clave y Consulta Popular","datePublished":"2025-03-27T23:01:26+00:00","dateModified":"2025-11-10T15:22:01+00:00","mainEntityOfPage":{"@id":"https:\/\/gostartup.com.co\/reforma-laboral-en-colombia-2025-aspectos-clave-y-consulta-popular\/"},"wordCount":681,"commentCount":0,"image":{"@id":"https:\/\/gostartup.com.co\/reforma-laboral-en-colombia-2025-aspectos-clave-y-consulta-popular\/#primaryimage"},"thumbnailUrl":"https:\/\/gostartup.com.co\/wp-content\/uploads\/2025\/03\/reforma-laboral-2025-colombia-explicacion-consulta-popular-2.png","keywords":["impuestos","Noticias Gostartup"],"articleSection":["Creaci\u00f3n de empresa"],"inLanguage":"en-US","potentialAction":[{"@type":"CommentAction","name":"Comment","target":["https:\/\/gostartup.com.co\/reforma-laboral-en-colombia-2025-aspectos-clave-y-consulta-popular\/#respond"]}]},{"@type":["WebPage","ItemPage"],"@id":"https:\/\/gostartup.com.co\/reforma-laboral-en-colombia-2025-aspectos-clave-y-consulta-popular\/","url":"https:\/\/gostartup.com.co\/reforma-laboral-en-colombia-2025-aspectos-clave-y-consulta-popular\/","name":"Reforma Laboral en Colombia 2025: Aspectos Clave y Consulta Popular - GoStartup","isPartOf":{"@id":"https:\/\/gostartup.com.co\/#website"},"primaryImageOfPage":{"@id":"https:\/\/gostartup.com.co\/reforma-laboral-en-colombia-2025-aspectos-clave-y-consulta-popular\/#primaryimage"},"image":{"@id":"https:\/\/gostartup.com.co\/reforma-laboral-en-colombia-2025-aspectos-clave-y-consulta-popular\/#primaryimage"},"thumbnailUrl":"https:\/\/gostartup.com.co\/wp-content\/uploads\/2025\/03\/reforma-laboral-2025-colombia-explicacion-consulta-popular-2.png","datePublished":"2025-03-27T23:01:26+00:00","dateModified":"2025-11-10T15:22:01+00:00","author":{"@id":"https:\/\/gostartup.com.co\/#\/schema\/person\/9365c82b50fb7a6d5445dcfb883ccfdf"},"description":"Conoce los aspectos clave de la Reforma Laboral en Colombia para 2025, sus principales cambios y c\u00f3mo la consulta popular podr\u00eda decidir su futuro. Informaci\u00f3n esencial para emprendedores y profesionales.","breadcrumb":{"@id":"https:\/\/gostartup.com.co\/reforma-laboral-en-colombia-2025-aspectos-clave-y-consulta-popular\/#breadcrumb"},"inLanguage":"en-US","potentialAction":[{"@type":"ReadAction","target":["https:\/\/gostartup.com.co\/reforma-laboral-en-colombia-2025-aspectos-clave-y-consulta-popular\/"]}]},{"@type":"ImageObject","inLanguage":"en-US","@id":"https:\/\/gostartup.com.co\/reforma-laboral-en-colombia-2025-aspectos-clave-y-consulta-popular\/#primaryimage","url":"https:\/\/gostartup.com.co\/wp-content\/uploads\/2025\/03\/reforma-laboral-2025-colombia-explicacion-consulta-popular-2.png","contentUrl":"https:\/\/gostartup.com.co\/wp-content\/uploads\/2025\/03\/reforma-laboral-2025-colombia-explicacion-consulta-popular-2.png","width":1280,"height":720,"caption":"REFORMA LABORAL EN COLOMBIA Y CONSULTA"},{"@type":"BreadcrumbList","@id":"https:\/\/gostartup.com.co\/reforma-laboral-en-colombia-2025-aspectos-clave-y-consulta-popular\/#breadcrumb","itemListElement":[{"@type":"ListItem","position":1,"name":"Portada","item":"https:\/\/gostartup.com.co\/"},{"@type":"ListItem","position":2,"name":"Reforma Laboral en Colombia 2025: Aspectos Clave y Consulta Popular"}]},{"@type":"WebSite","@id":"https:\/\/gostartup.com.co\/#website","url":"https:\/\/gostartup.com.co\/","name":"GoStartup","description":"Firma contable especializada en Emprendedores digitales","alternateName":"Contadores, firma contable especializada en empredores digitales, creadores, infoproductores, YouTuber, Influenciadores","potentialAction":[{"@type":"SearchAction","target":{"@type":"EntryPoint","urlTemplate":"https:\/\/gostartup.com.co\/?s={search_term_string}"},"query-input":{"@type":"PropertyValueSpecification","valueRequired":true,"valueName":"search_term_string"}}],"inLanguage":"en-US"},{"@type":"Person","@id":"https:\/\/gostartup.com.co\/#\/schema\/person\/9365c82b50fb7a6d5445dcfb883ccfdf","name":"dayhanacorrea","image":{"@type":"ImageObject","inLanguage":"en-US","@id":"https:\/\/gostartup.com.co\/wp-content\/litespeed\/avatar\/653e4e6729c3f52b92484c813da27e2f.jpg?ver=1777380634","url":"https:\/\/gostartup.com.co\/wp-content\/litespeed\/avatar\/653e4e6729c3f52b92484c813da27e2f.jpg?ver=1777380634","contentUrl":"https:\/\/gostartup.com.co\/wp-content\/litespeed\/avatar\/653e4e6729c3f52b92484c813da27e2f.jpg?ver=1777380634","caption":"dayhanacorrea"},"sameAs":["https:\/\/gostartup.com.co"],"url":"https:\/\/gostartup.com.co\/en\/author\/dayhanacorrea\/"}]}},"_links":{"self":[{"href":"https:\/\/gostartup.com.co\/en\/wp-json\/wp\/v2\/posts\/10162","targetHints":{"allow":["GET"]}}],"collection":[{"href":"https:\/\/gostartup.com.co\/en\/wp-json\/wp\/v2\/posts"}],"about":[{"href":"https:\/\/gostartup.com.co\/en\/wp-json\/wp\/v2\/types\/post"}],"author":[{"embeddable":true,"href":"https:\/\/gostartup.com.co\/en\/wp-json\/wp\/v2\/users\/1"}],"replies":[{"embeddable":true,"href":"https:\/\/gostartup.com.co\/en\/wp-json\/wp\/v2\/comments?post=10162"}],"version-history":[{"count":2,"href":"https:\/\/gostartup.com.co\/en\/wp-json\/wp\/v2\/posts\/10162\/revisions"}],"predecessor-version":[{"id":10520,"href":"https:\/\/gostartup.com.co\/en\/wp-json\/wp\/v2\/posts\/10162\/revisions\/10520"}],"wp:featuredmedia":[{"embeddable":true,"href":"https:\/\/gostartup.com.co\/en\/wp-json\/wp\/v2\/media\/10163"}],"wp:attachment":[{"href":"https:\/\/gostartup.com.co\/en\/wp-json\/wp\/v2\/media?parent=10162"}],"wp:term":[{"taxonomy":"category","embeddable":true,"href":"https:\/\/gostartup.com.co\/en\/wp-json\/wp\/v2\/categories?post=10162"},{"taxonomy":"post_tag","embeddable":true,"href":"https:\/\/gostartup.com.co\/en\/wp-json\/wp\/v2\/tags?post=10162"}],"curies":[{"name":"wp","href":"https:\/\/api.w.org\/{rel}","templated":true}]}}